[{"@context":"https:\/\/schema.org\/","@type":"Article","@id":"https:\/\/www.watero.cz\/doby-se-meni\/#Article","mainEntityOfPage":"https:\/\/www.watero.cz\/doby-se-meni\/","headline":"Doby se m\u011bn\u00ed","name":"Doby se m\u011bn\u00ed","description":"Kdysi sem nikdo z\u00a0na\u0161inc\u016f necht\u011bl. N\u011bmce odsud po v\u00e1lce odsunuli a by\u0165 tu po nich z\u016fstaly n\u011bjak\u00e9 ty domy, nikdo o n\u011b nest\u00e1l. Proto\u017ee to tu bylo natolik odlou\u010den\u00e9 od sv\u011bta, \u017ee u\u017e tu ani li\u0161ky ned\u00e1valy dobrou noc. A t\u00e1ta pak po letech, kdy\u017e tu na\u0161i chatu stav\u011bl, vzpom\u00ednal, jak se opod\u00e1l nab\u00edzely k\u00a0prodeji [&hellip;]","datePublished":"2022-04-23","dateModified":"2023-05-05","author":{"@type":"Person","@id":"https:\/\/www.watero.cz\/author\/#Person","name":"","url":"https:\/\/www.watero.cz\/author\/","identifier":1,"image":{"@type":"ImageObject","@id":"https:\/\/secure.gravatar.com\/avatar\/ade5060b95d9432296fc92debd2ba3136f7a4d727a7bc57afe18c4808c7d7ac9?s=96&d=mm&r=g","url":"https:\/\/secure.gravatar.com\/avatar\/ade5060b95d9432296fc92debd2ba3136f7a4d727a7bc57afe18c4808c7d7ac9?s=96&d=mm&r=g","height":96,"width":96}},"publisher":{"@type":"Organization","name":"watero.cz","logo":{"@type":"ImageObject","@id":"\/logo.png","url":"\/logo.png","width":600,"height":60}},"image":{"@type":"ImageObject","@id":"https:\/\/www.watero.cz\/wp-content\/uploads\/les%20na%20podzim.jpg","url":"https:\/\/www.watero.cz\/wp-content\/uploads\/les%20na%20podzim.jpg","height":0,"width":0},"url":"https:\/\/www.watero.cz\/doby-se-meni\/","about":["Dovolen\u00e1"],"wordCount":455,"articleBody":"Kdysi sem nikdo z\u00a0na\u0161inc\u016f necht\u011bl. N\u011bmce odsud po v\u00e1lce odsunuli a by\u0165 tu po nich z\u016fstaly n\u011bjak\u00e9 ty domy, nikdo o n\u011b nest\u00e1l. Proto\u017ee to tu bylo natolik odlou\u010den\u00e9 od sv\u011bta, \u017ee u\u017e tu ani li\u0161ky ned\u00e1valy dobrou noc. A t\u00e1ta pak po letech, kdy\u017e tu na\u0161i chatu stav\u011bl, vzpom\u00ednal, jak se opod\u00e1l nab\u00edzely k\u00a0prodeji opu\u0161t\u011bn\u00e9 domy za p\u011btistovku. A p\u0159i stavb\u011b na\u0161\u00ed chaty litoval, \u017ee si tenkr\u00e1t t\u011bch p\u011bt stovek od n\u011bkoho nep\u016fj\u010dil.Tu chatu tady tedy m\u00ed rodi\u010de nakonec postavili. I j\u00e1 jsem se pod\u00edlel, by\u0165 jako ani ne p\u011btilet\u00fd a tud\u00ed\u017e zrovna ne u\u017eite\u010dn\u00fd. A m\u00e1m tu chatu dodnes, i kdy\u017e u\u017e jsem v\u00a0n\u00ed z\u016fstal d\u00e1vno s\u00e1m, a z\u00a0mal\u00e9ho d\u00edt\u011bte jsem se stal vlastn\u011b nejp\u016fvodn\u011bj\u0161\u00edm domorodcem.Kdysi tady byla vlastn\u011b jenom tahle na\u0161e chata, pak naho\u0159e u silnice statek s\u00a0krav\u00ednem a bytem pro jedin\u00e9 dva st\u00e1l\u00e9 obyvatele, odsunut\u00e9 sem soudruhy za trest z\u00a0Prahy a o ty kr\u00e1vy se staraj\u00edc\u00ed, a d\u00e1l u\u017e jen n\u011bkolik ruin. Kter\u00e9 si ob\u010das sice n\u011bkdo koupil, ale pak ztratil z\u00e1jem a p\u0159eprodal je d\u00e1l, aby se to nakonec opakovalo.Dlouh\u00e1 l\u00e9ta to tu tak chodilo. My jsme sem jezdili na dovolenou a byli jsme tu vesm\u011bs v\u00a0cel\u00e9 obci skoro sami.Ale doby se m\u011bn\u00ed a lid\u00e9 s\u00a0nimi. A co kdysi nebylo pro nikoho atraktivn\u00ed, o to je dnes p\u0159\u00edmo enormn\u00ed z\u00e1jem. Dnes u\u017e je tu dvojn\u00e1sobek p\u016fvodn\u00edch budov, ruiny se zm\u011bnily ve vzhledn\u00e9 chaty a u\u017e to tu \u017eije. Jist\u011b ne jako za N\u011bmc\u016f v\u00a0p\u0159edv\u00e1le\u010dn\u00e9 a v\u00e1le\u010dn\u00e9 dob\u011b, kdy se tu norm\u00e1ln\u011b \u017eilo, ale p\u0159esto. U\u017e jsou tu zase sly\u0161et hlasy lid\u00ed, kte\u0159\u00ed se tu o to zase staraj\u00ed. A to nejen proto, \u017ee dnes u\u017e by tu nikdo d\u016fm za p\u011btistovku nesehnal, \u017ee by se po\u017eadoval snad desetitis\u00edcin\u00e1sobek a sp\u00ed\u0161 je\u0161t\u011b v\u00edc.Prost\u011b se sem vrac\u00ed \u017eivot. A to je dob\u0159e. Proto\u017ee kdysi tyto kon\u010diny nezaj\u00edmaly nikoho, pak sem byli lid\u00e9 pos\u00edl\u00e1ni po osma\u0161edes\u00e1t\u00e9m roce za trest a \u010dasto se s\u00a0t\u00edmto krajem nes\u017eili. A te\u010f u\u017e to tu kone\u010dn\u011b za trest nen\u00ed. A nen\u00ed vylou\u010deno, \u017ee to tu u\u017e brzy bude za odm\u011bnu. Jako v\u00a0m\u00e9m p\u0159\u00edpad\u011b.                                                                                                                                                                                                                                                                                                                                                                                        4.4\/5 - (9 votes)        "},{"@context":"https:\/\/schema.org\/","@type":"BreadcrumbList","itemListElement":[{"@type":"ListItem","position":1,"name":"Doby se m\u011bn\u00ed","item":"https:\/\/www.watero.cz\/doby-se-meni\/#breadcrumbitem"}]}]