[{"@context":"https:\/\/schema.org\/","@type":"Article","@id":"https:\/\/www.watero.cz\/francie-neni-jen-vyhled-z-eiffelovky\/#Article","mainEntityOfPage":"https:\/\/www.watero.cz\/francie-neni-jen-vyhled-z-eiffelovky\/","headline":"Francie nen\u00ed jen v\u00fdhled z \u201eEiffelovky\u201c","name":"Francie nen\u00ed jen v\u00fdhled z \u201eEiffelovky\u201c","description":"V\u011bt\u0161ina n\u00e1v\u0161t\u011bvn\u00edk\u016f Francie zam\u00ed\u0159\u00ed do Pa\u0159\u00ed\u017ee a n\u00e1v\u0161t\u011bvou \u201eEiffelovky\u201c si od\u0161krtne dal\u0161\u00ed \u017eivotn\u00ed sen ve sv\u00e9m cestovatelsk\u00e9m den\u00ed\u010dku. P\u0159itom v\u0161ak p\u0159ich\u00e1z\u00ed o mnoh\u00e9 dal\u0161\u00ed skvosty, kter\u00e9 tato p\u016fvabn\u00e1 zem\u011b nab\u00edz\u00ed. Mezi n\u011b pat\u0159\u00ed i PROVENS\u00c1LSKO. \u00a0 V\u016fn\u011b levandulov\u00fdch pol\u00ed M\u00edsto do Pa\u0159\u00ed\u017ee m\u016f\u017eete zam\u00ed\u0159it do jihov\u00fdchodn\u00ed \u010d\u00e1sti Francie. Do Provens\u00e1lska V\u00e1s ji\u017e z\u00a0d\u00e1lky p\u0159il\u00e1k\u00e1 bzu\u010den\u00ed [&hellip;]","datePublished":"2023-05-05","dateModified":"2023-05-05","author":{"@type":"Person","@id":"https:\/\/www.watero.cz\/author\/#Person","name":"","url":"https:\/\/www.watero.cz\/author\/","identifier":1,"image":{"@type":"ImageObject","@id":"https:\/\/secure.gravatar.com\/avatar\/ade5060b95d9432296fc92debd2ba3136f7a4d727a7bc57afe18c4808c7d7ac9?s=96&d=mm&r=g","url":"https:\/\/secure.gravatar.com\/avatar\/ade5060b95d9432296fc92debd2ba3136f7a4d727a7bc57afe18c4808c7d7ac9?s=96&d=mm&r=g","height":96,"width":96}},"publisher":{"@type":"Organization","name":"watero.cz","logo":{"@type":"ImageObject","@id":"\/logo.png","url":"\/logo.png","width":600,"height":60}},"image":{"@type":"ImageObject","@id":"https:\/\/www.watero.cz\/wp-content\/uploads\/img_a314170_w2527_t1524943623.jpg","url":"https:\/\/www.watero.cz\/wp-content\/uploads\/img_a314170_w2527_t1524943623.jpg","height":0,"width":0},"url":"https:\/\/www.watero.cz\/francie-neni-jen-vyhled-z-eiffelovky\/","about":["Cestov\u00e1n\u00ed"],"wordCount":437,"articleBody":"V\u011bt\u0161ina n\u00e1v\u0161t\u011bvn\u00edk\u016f Francie zam\u00ed\u0159\u00ed do Pa\u0159\u00ed\u017ee a n\u00e1v\u0161t\u011bvou \u201eEiffelovky\u201c si od\u0161krtne dal\u0161\u00ed \u017eivotn\u00ed sen ve sv\u00e9m cestovatelsk\u00e9m den\u00ed\u010dku. P\u0159itom v\u0161ak p\u0159ich\u00e1z\u00ed o mnoh\u00e9 dal\u0161\u00ed skvosty, kter\u00e9 tato p\u016fvabn\u00e1 zem\u011b nab\u00edz\u00ed. Mezi n\u011b pat\u0159\u00ed i PROVENS\u00c1LSKO.\u00a0\tV\u016fn\u011b levandulov\u00fdch pol\u00edM\u00edsto do Pa\u0159\u00ed\u017ee m\u016f\u017eete zam\u00ed\u0159it do jihov\u00fdchodn\u00ed \u010d\u00e1sti Francie. Do Provens\u00e1lska V\u00e1s ji\u017e z\u00a0d\u00e1lky p\u0159il\u00e1k\u00e1 bzu\u010den\u00ed v\u010del no\u0159\u00edc\u00edch se do l\u00e1n\u016f levandulov\u00fdch pol\u00ed. Levandule se zde p\u0159id\u00e1v\u00e1 snad \u00fapln\u011b do v\u0161eho \u2013 do potravin\u00e1\u0159sk\u00fdch v\u00fdrobk\u016f, hygienick\u00fdch p\u0159\u00edpravk\u016f nebo dekorativn\u00edho zbo\u017e\u00ed.\u00a0\tZvu\u010dnost hlasu Edith PiafA\u017e se naba\u017e\u00edte fialov\u00fdch kl\u00e1sk\u016f, nezapome\u0148te si ud\u011blat proch\u00e1zku p\u0159es \u201eAvignonsk\u00fd most\u201c, p\u0159i jeho\u017e p\u0159ech\u00e1zen\u00ed V\u00e1m jist\u011b vytane na mysl stejnojmenn\u00e1, u n\u00e1s velmi obl\u00edben\u00e1, p\u00edse\u0148. Pop\u011bvky m\u00edstn\u00edch obyvatel v\u017e\u00edvaj\u00edc\u00edch se do d\u00e1vn\u00fdch \u010das\u016f trubad\u00far\u016f pak ve ve\u010dern\u00edch hodin\u00e1ch vyst\u0159\u00edd\u00e1 hlas Edith Piaf linouc\u00ed se z\u00a0tam\u011bj\u0161\u00edch\u00a0bar\u016f.\u00a0\tAroma vyzr\u00e1l\u00fdch s\u00fdr\u016f a rudost \u010derven\u00e9ho v\u00ednaZakotv\u011bte v\u00a0n\u011bkter\u00e9m z\u00a0podnik\u016f a pochutnejte si na francouzsk\u00fdch specialit\u00e1ch. Nen\u00ed jen tak n\u00e1hodou, \u017ee jedni z\u00a0nejlep\u0161\u00edch \u0161\u00e9fkucha\u0159\u016f sv\u011bta, jako je t\u0159eba Escoffier, se zrodili pr\u00e1v\u011b ve Francii. Jeliko\u017e se jedn\u00e1 o p\u0159\u00edmo\u0159skou oblast, je francouzsk\u00e1 kuchyn\u011b bohat\u00e1 na mo\u0159sk\u00e9 plody a ryby. Velk\u00e9 oblib\u011b se t\u011b\u0161\u00ed tak\u00e9 s\u00fdry, jakoje camembert, brie neborokf\u00f3r. Na stole nesm\u00ed chyb\u011bt ani pe\u010divo, a\u0165 u\u017e jsou to bagety, croissanty, brio\u0161ky, slan\u00fd kol\u00e1\u010d quichenebo ploch\u00fd chl\u00e9b fougasse. Mezi nejlahodn\u011bj\u0161\u00ed dezerty pat\u0159\u00ed profiterolky a \u010dokol\u00e1dov\u00e1 p\u011bna. Abyste ov\u0161em dos\u00e1hli toho spr\u00e1vn\u00e9ho francouzsk\u00e9ho gastronomick\u00e9ho z\u00e1\u017eitku, to v\u0161e mus\u00edte \u201ezasypat\u201c provens\u00e1lsk\u00fdm ko\u0159en\u00edm a zap\u00edt sklenic\u00ed v\u00edna. Pro ty odv\u00e1\u017en\u011bj\u0161\u00ed je tu Francouzi milovan\u00fd pastis.\u00a0\t\u201eHaute couture\u201c m\u00f3daAby na V\u00e1s p\u0159i cestov\u00e1n\u00ed po Provens\u00e1lsku co nejv\u00edce d\u00fdchla atmosf\u00e9ra Francie, nezapome\u0148te se obl\u00e9ct ve stylu \u201ehaute couture\u201c nebo si vz\u00edt alespo\u0148 baret a navon\u011bt se n\u011bkter\u00fdm z\u00a0\u0161irok\u00e9 nab\u00eddky sv\u011btozn\u00e1m\u00fdch parf\u00e9m\u016f.\u00a0Te\u010f u\u017e jen sta\u010d\u00ed procvi\u010dit si francouzsk\u00e9 \u201er\u201c a vyrazit na cestu!                                                                                                                                                                                                                                                                                                                                                                                        4.6\/5 - (13 votes)        "},{"@context":"https:\/\/schema.org\/","@type":"BreadcrumbList","itemListElement":[{"@type":"ListItem","position":1,"name":"Francie nen\u00ed jen v\u00fdhled z \u201eEiffelovky\u201c","item":"https:\/\/www.watero.cz\/francie-neni-jen-vyhled-z-eiffelovky\/#breadcrumbitem"}]}]