[{"@context":"https:\/\/schema.org\/","@type":"Article","@id":"https:\/\/www.watero.cz\/jak-zaridit-maly-obyvaci-pokoj\/#Article","mainEntityOfPage":"https:\/\/www.watero.cz\/jak-zaridit-maly-obyvaci-pokoj\/","headline":"Jak za\u0159\u00eddit mal\u00fd ob\u00fdvac\u00ed pokoj?","name":"Jak za\u0159\u00eddit mal\u00fd ob\u00fdvac\u00ed pokoj?","description":"Tr\u00e1p\u00ed v\u00e1s mal\u00fd ob\u00fdvac\u00ed pokoj, kter\u00fd nen\u00ed schopen pojmout v\u0161e, o byste si p\u0159\u00e1li? Mo\u017en\u00e1 je na vin\u011b \u0161patn\u00e1 organizace \u010di nerespektov\u00e1n\u00ed dispozice. V\u011b\u0159te, \u017ee i mal\u00fd ob\u00fdvac\u00ed pokoj se d\u00e1 za\u0159\u00eddit \u00fatuln\u011b i za p\u0159edpokladu, \u017ee do n\u011bj um\u00edst\u00edte v\u0161e, co budete pot\u0159ebovat pro odpo\u010dinek i relaxaci. Rozhodn\u011b to nen\u00ed tak nadlidsk\u00fd \u00fakol, jak [&hellip;]","datePublished":"2021-07-10","dateModified":"2023-12-05","author":{"@type":"Person","@id":"https:\/\/www.watero.cz\/author\/#Person","name":"","url":"https:\/\/www.watero.cz\/author\/","identifier":1,"image":{"@type":"ImageObject","@id":"https:\/\/secure.gravatar.com\/avatar\/ade5060b95d9432296fc92debd2ba3136f7a4d727a7bc57afe18c4808c7d7ac9?s=96&d=mm&r=g","url":"https:\/\/secure.gravatar.com\/avatar\/ade5060b95d9432296fc92debd2ba3136f7a4d727a7bc57afe18c4808c7d7ac9?s=96&d=mm&r=g","height":96,"width":96}},"publisher":{"@type":"Organization","name":"watero.cz","logo":{"@type":"ImageObject","@id":"\/logo.png","url":"\/logo.png","width":600,"height":60}},"image":{"@type":"ImageObject","@id":"https:\/\/www.watero.cz\/wp-content\/uploads\/40403-cl116-pla000-cp000-1500x1500_1.jpg","url":"https:\/\/www.watero.cz\/wp-content\/uploads\/40403-cl116-pla000-cp000-1500x1500_1.jpg","height":0,"width":0},"url":"https:\/\/www.watero.cz\/jak-zaridit-maly-obyvaci-pokoj\/","about":["N\u00e1kupy"],"wordCount":394,"articleBody":"              Tr\u00e1p\u00ed v\u00e1s mal\u00fd ob\u00fdvac\u00ed pokoj, kter\u00fd nen\u00ed schopen pojmout v\u0161e, o byste si p\u0159\u00e1li? Mo\u017en\u00e1 je na vin\u011b \u0161patn\u00e1 organizace \u010di nerespektov\u00e1n\u00ed dispozice. V\u011b\u0159te, \u017ee i mal\u00fd ob\u00fdvac\u00ed pokoj se d\u00e1 za\u0159\u00eddit \u00fatuln\u011b i za p\u0159edpokladu, \u017ee do n\u011bj um\u00edst\u00edte v\u0161e, co budete pot\u0159ebovat pro odpo\u010dinek i relaxaci. Rozhodn\u011b to nen\u00ed tak nadlidsk\u00fd \u00fakol, jak by se mohlo zprvu jevit.   N\u00e1bytek, kter\u00fd je funk\u010dn\u00ed a z\u00e1rove\u0148 stroh\u00fd Ob\u00fdvac\u00ed pokoj mnohdy tvo\u0159\u00ed nejvelkorysej\u0161\u00ed prostor z cel\u00e9ho domu \u010di bytu. Ov\u0161em kdy\u017e tomu tak nen\u00ed, je zapot\u0159eb\u00ed nad jednotliv\u00fdmi kusy vybaven\u00ed p\u0159em\u00fd\u0161let. Za\u0159izov\u00e1n\u00ed mal\u00e9ho ob\u00fdvac\u00edho pokoje s sebou p\u0159in\u00e1\u0161\u00ed zamy\u0161len\u00ed, zda dan\u00e9 kusy n\u00e1bytku skute\u010dn\u011b pot\u0159ebujeme nebo se jedn\u00e1 pouze o p\u0159epych. Za\u0159\u00edzen\u00ed ob\u00fdvac\u00edho pokoje podl\u00e9h\u00e1 cel\u00e9 \u0159ad\u011b faktor\u016f od \u017eivotn\u00edho vkusu a\u017e po celkov\u00e9 dispozi\u010dn\u00ed \u0159e\u0161en\u00ed. Jinak bude vypadat interi\u00e9r ob\u00fdvac\u00edho pokoje nad\u0161en\u00fdch \u010dten\u00e1\u0159\u016f a jinak t\u011bch, kte\u0159\u00ed p\u0159ed kn\u00ed\u017ekami d\u00e1vaj\u00ed p\u0159ednost televizi. Obecn\u011b se vak rad\u00ed s\u00e1hnout po multifunk\u010dn\u00edm n\u00e1bytku, kter\u00fd je mo\u017en\u00e9 dle pot\u0159eby rozlo\u017eit a m\u016f\u017ee z\u00e1rove\u0148 plnit hned n\u011bkolik funkc\u00ed najednou. Pokud m\u00e1te vysok\u00e9 stropy, v\u00fdhoda pro v\u00e1s! Police, reg\u00e1ly \u010di \u0161atn\u00ed sk\u0159\u00edn\u011b si nechte vyrobit na m\u00edru, aby byl sv\u011btl\u00e1 v\u00fd\u0161ka vyu\u017eita do posledn\u00edho milimetru.   Osv\u011btlen\u00ed hraje prim Mal\u00fd prostor u\u017e tak p\u016fsob\u00ed na prvn\u00ed prostor st\u00edsn\u011bn\u011b, nedostate\u010dn\u00fdm osv\u011btlen\u00edm by se cel\u00fd pocit z prostoru je\u0161t\u011b prohloubil. Vsa\u010fte na jedno centr\u00e1ln\u00ed osv\u011btlen\u00ed, jak\u00e9 p\u0159edstavuje t\u0159eba lustr na lanku a dopl\u0148te ho o dal\u0161\u00ed funk\u010dn\u00ed sv\u011btla. Pokud se v ob\u00fdvac\u00edm pokoji r\u00e1di odd\u00e1v\u00e1te \u010dten\u00ed, je na po\u0159adu dne velk\u00e1 stojac\u00ed lampa, kter\u00e1 zajist\u00ed adekv\u00e1tn\u00ed podm\u00ednky i ve ve\u010dern\u00edch hodin\u00e1ch. V p\u0159\u00edpad\u011b, kdy je ob\u00fdvac\u00ed pokoj spojen i s pracovnou, bude zapot\u0159eb\u00ed osv\u00edtit pracovn\u00ed desku stolu. K tomuto \u00fa\u010delu posta\u010d\u00ed oby\u010dejn\u00e1 stoln\u00ed lampa, kter\u00fdch je na internetu i v kamenn\u00fdch obchodech spousta.                                                                                                                                                                                                                                                                                                                                                                                                  "},{"@context":"https:\/\/schema.org\/","@type":"BreadcrumbList","itemListElement":[{"@type":"ListItem","position":1,"name":"Jak za\u0159\u00eddit mal\u00fd ob\u00fdvac\u00ed pokoj?","item":"https:\/\/www.watero.cz\/jak-zaridit-maly-obyvaci-pokoj\/#breadcrumbitem"}]}]