[{"@context":"https:\/\/schema.org\/","@type":"Article","@id":"https:\/\/www.watero.cz\/kdo-vlastne-jsme\/#Article","mainEntityOfPage":"https:\/\/www.watero.cz\/kdo-vlastne-jsme\/","headline":"Kdo vlastn\u011b jsme","name":"Kdo vlastn\u011b jsme","description":"Na\u0161e firma PROMAN s.r.o. s\u00eddl\u00ed v Chrudimi. Obchodn\u00ed kancel\u00e1\u0159 m\u00e1me i v \u00dast\u00ed nad Labem a v Praze. Sklad je potom v Lukavici u Slati\u0148an. Zastoupen\u00ed m\u00e1me ale v t\u00e9m\u011b\u0159 cel\u00e9 Evrop\u011b. Najdete n\u00e1s nap\u0159\u00edklad na Slovensku, v Polsku, v Ma\u010farsku nebo v Chorvatsku. Ale tak\u00e9 v mnoha dal\u0161\u00edch zem\u00edch. Na\u0161e kvalitn\u00ed reg\u00e1ly se prost\u011b [&hellip;]","datePublished":"2024-12-07","dateModified":"2024-12-07","author":{"@type":"Person","@id":"https:\/\/www.watero.cz\/author\/#Person","name":"","url":"https:\/\/www.watero.cz\/author\/","identifier":1,"image":{"@type":"ImageObject","@id":"https:\/\/secure.gravatar.com\/avatar\/ade5060b95d9432296fc92debd2ba3136f7a4d727a7bc57afe18c4808c7d7ac9?s=96&d=mm&r=g","url":"https:\/\/secure.gravatar.com\/avatar\/ade5060b95d9432296fc92debd2ba3136f7a4d727a7bc57afe18c4808c7d7ac9?s=96&d=mm&r=g","height":96,"width":96}},"publisher":{"@type":"Organization","name":"watero.cz","logo":{"@type":"ImageObject","@id":"\/logo.png","url":"\/logo.png","width":600,"height":60}},"url":"https:\/\/www.watero.cz\/kdo-vlastne-jsme\/","wordCount":176,"articleBody":" Na\u0161e firma PROMAN s.r.o. s\u00eddl\u00ed v Chrudimi. Obchodn\u00ed kancel\u00e1\u0159 m\u00e1me i v \u00dast\u00ed nad Labem a v Praze. Sklad je potom v Lukavici u Slati\u0148an. Zastoupen\u00ed m\u00e1me ale v t\u00e9m\u011b\u0159 cel\u00e9 Evrop\u011b. Najdete n\u00e1s nap\u0159\u00edklad na Slovensku, v Polsku, v Ma\u010farsku nebo v Chorvatsku. Ale tak\u00e9 v mnoha dal\u0161\u00edch zem\u00edch. Na\u0161e kvalitn\u00ed reg\u00e1ly se prost\u011b prod\u00e1vaj\u00ed t\u00e9m\u011b\u0159 samy. Vy je je\u0161t\u011b nem\u00e1te? To je ale velk\u00e1 chyba. Zkus\u00edte a nebudete cht\u00edt jin\u00e9. Jsme zn\u00e1m\u00ed a \u00fasp\u011b\u0161n\u00ed Mohli jste se o n\u00e1s do\u010d\u00edst nap\u0159. v \u010dasopise Transport a logistika, LogisticNEWS nebo Podnikatel. Na na\u0161ich webov\u00fdch str\u00e1nk\u00e1ch m\u00e1me p\u0159ehledn\u00fd e-shop, kde si m\u016f\u017eete ka\u017ed\u00fd z na\u0161ich reg\u00e1l\u016f prohl\u00e9dnout a v klidu vybrat ten prav\u00fd, kter\u00fd pot\u0159ebujete a kter\u00fd spl\u0148uje Va\u0161e po\u017eadavky a pot\u0159eby. N\u00e1sledn\u011b m\u016f\u017eete jednodu\u0161e objednat. V\u011b\u0159\u00edme, \u017ee budete spokojeni.                                                                                                                                                                                                                                                                                                                                                                                        5\/5 - (1 vote)        "},{"@context":"https:\/\/schema.org\/","@type":"BreadcrumbList","itemListElement":[{"@type":"ListItem","position":1,"name":"Kdo vlastn\u011b jsme","item":"https:\/\/www.watero.cz\/kdo-vlastne-jsme\/#breadcrumbitem"}]}]