[{"@context":"https:\/\/schema.org\/","@type":"Article","@id":"https:\/\/www.watero.cz\/kdy-si-sjednat-na-vypomoc-v-domacnosti-uklidovou-firmu\/#Article","mainEntityOfPage":"https:\/\/www.watero.cz\/kdy-si-sjednat-na-vypomoc-v-domacnosti-uklidovou-firmu\/","headline":"Kdy si sjednat na v\u00fdpomoc v dom\u00e1cnosti \u00faklidovou firmu","name":"Kdy si sjednat na v\u00fdpomoc v dom\u00e1cnosti \u00faklidovou firmu","description":"Nest\u00edh\u00e1te na v\u00e1no\u010dn\u00ed sv\u00e1tky nebo na Velikonoce vygruntovat byt \u010di d\u016fm a pot\u0159ebovali byste v\u00fdpomoc od \u00faklidov\u00e9 firmy? Pak se na ni obra\u0165te s prosbou o prov\u00e1d\u011bn\u00ed n\u011bkter\u00fdch \u00fakon\u016f, s nimi\u017e bude zvl\u00e1\u0161t\u011b probl\u00e9m a nedok\u00e1\u017eete si s nimi poradit. Okna v byt\u011b Myt\u00ed jednoho nebo dvou oken v garsonce zvl\u00e1dnete sami a v p\u0159\u00edzem\u00ed [&hellip;]","datePublished":"2023-12-19","dateModified":"2023-12-19","author":{"@type":"Person","@id":"https:\/\/www.watero.cz\/author\/#Person","name":"","url":"https:\/\/www.watero.cz\/author\/","identifier":1,"image":{"@type":"ImageObject","@id":"https:\/\/secure.gravatar.com\/avatar\/ade5060b95d9432296fc92debd2ba3136f7a4d727a7bc57afe18c4808c7d7ac9?s=96&d=mm&r=g","url":"https:\/\/secure.gravatar.com\/avatar\/ade5060b95d9432296fc92debd2ba3136f7a4d727a7bc57afe18c4808c7d7ac9?s=96&d=mm&r=g","height":96,"width":96}},"publisher":{"@type":"Organization","name":"watero.cz","logo":{"@type":"ImageObject","@id":"\/logo.png","url":"\/logo.png","width":600,"height":60}},"image":{"@type":"ImageObject","@id":"https:\/\/www.watero.cz\/wp-content\/uploads\/carpet-2935773_640_5.jpg","url":"https:\/\/www.watero.cz\/wp-content\/uploads\/carpet-2935773_640_5.jpg","height":0,"width":0},"url":"https:\/\/www.watero.cz\/kdy-si-sjednat-na-vypomoc-v-domacnosti-uklidovou-firmu\/","about":["Www"],"wordCount":412,"articleBody":"   Nest\u00edh\u00e1te na v\u00e1no\u010dn\u00ed sv\u00e1tky nebo na Velikonoce vygruntovat byt \u010di d\u016fm a pot\u0159ebovali byste v\u00fdpomoc od \u00faklidov\u00e9 firmy? Pak se na ni obra\u0165te s prosbou o prov\u00e1d\u011bn\u00ed n\u011bkter\u00fdch \u00fakon\u016f, s nimi\u017e bude zvl\u00e1\u0161t\u011b probl\u00e9m a nedok\u00e1\u017eete si s nimi poradit.Okna v byt\u011bMyt\u00ed jednoho nebo dvou oken v garsonce zvl\u00e1dnete sami a v p\u0159\u00edzem\u00ed nebo v prvn\u00edm pat\u0159e je to celkem bezpe\u010dn\u00e9, ale u velk\u00e9ho bytu v dev\u00e1t\u00e9m pat\u0159e to zcela m\u011bn\u00ed situaci. Dev\u00e1t\u00e9 patro, to je 27 metr\u016f nad zem\u00ed a vypadnout z takov\u00e9 v\u00fd\u0161ky b\u00fdv\u00e1 obvykle t\u00edm posledn\u00edm, co \u010dlov\u011bk ud\u011bl\u00e1. Pot\u0159ebujete-li v byt\u011b d\u016fkladn\u011b uklidit, myt\u00edm oken by \u00faklidov\u00e9 pr\u00e1ce mohly za\u010d\u00edt a provede je za v\u00e1s firma \u00faklidov\u00fdch slu\u017eeb Ostrava.KoberceKoberce pat\u0159\u00ed k b\u011b\u017en\u00e9mu vybaven\u00ed dom\u00e1cnost\u00ed a tak\u00e9 se tu b\u011b\u017en\u011b pouze vys\u00e1vaj\u00ed vysava\u010dem. Tam, kde se ov\u0161em dosud koberce ne\u010distily strojem, mohou vytv\u00e1\u0159et vy\u0161lapan\u00e9 cesti\u010dky a \u0161ed\u00e9 mapy, co\u017e nen\u00ed nikdy dobrou vizitkou p\u0159\u00edbytku. Dal\u0161\u00edm probl\u00e9mem je z\u00e1pach, ten na koberc\u00edch vznik\u00e1 ze \u017elukl\u00e9ho tuku, kter\u00fd do bytu unik\u00e1 p\u0159i va\u0159en\u00ed pokrm\u016f, a tak\u00e9 z bos\u00fdch chodidel, s nimi\u017e se po n\u011bm na\u0161lapuje. Do kobercov\u00fdch vl\u00e1ken se p\u0159i ch\u016fzi ot\u00edr\u00e1 pot a t\u00fdk\u00e1 se to nejen bos\u00e9 nohy, ale i pono\u017eek. Speci\u00e1ln\u00ed \u010distic\u00ed stroje na koberce si porad\u00ed se v\u0161emi druhy ne\u010distot, kter\u00e9 tu po vys\u00e1v\u00e1n\u00ed zanechal s\u00e1\u010dkov\u00fd vysava\u010d, i kdyby byl sebev\u00fdkonn\u011bj\u0161\u00ed.\u00daklid po mal\u00ed\u0159\u00edchMalov\u00e1n\u00ed domu nebo bytu je v\u017edy akc\u00ed n\u00e1ro\u010dnou nejen na p\u0159\u00edpravu, ale zejm\u00e9na na fin\u00e1ln\u00ed \u00faklid. Probl\u00e9m spo\u010d\u00edv\u00e1 hlavn\u011b v p\u0159\u00edpad\u011b \u0161kr\u00e1b\u00e1n\u00ed star\u00e9ho n\u00e1t\u011bru, kter\u00fd odpad\u00e1v\u00e1 na zem, a nen\u00ed-li podlaha dostate\u010dn\u011b proti tomuto jevu zabezpe\u010dena, mazlav\u00e9 bl\u00e1t\u00ed\u010dko se dostane v\u0161ude. Uklidit prostory po mal\u00ed\u0159\u00edch nen\u00ed jednoduch\u00e9, ale profesion\u00e1ln\u00ed firma se \u00faklidu zhost\u00ed bez probl\u00e9m\u016f. V\u00fdhodou je, \u017ee jej\u00ed zam\u011bstnanci budou odpo\u010dat\u00ed a nebudou m\u00edt za sebou mal\u00ed\u0159sk\u00e9 pr\u00e1ce nebo p\u0159\u00edpravnou f\u00e1zi vyn\u00e1\u0161en\u00ed n\u00e1bytku.                                                                                                                                                                                                                                                                                                                                                                                          4.5\/5 - (6 votes)        "},{"@context":"https:\/\/schema.org\/","@type":"BreadcrumbList","itemListElement":[{"@type":"ListItem","position":1,"name":"Kdy si sjednat na v\u00fdpomoc v dom\u00e1cnosti \u00faklidovou firmu","item":"https:\/\/www.watero.cz\/kdy-si-sjednat-na-vypomoc-v-domacnosti-uklidovou-firmu\/#breadcrumbitem"}]}]