[{"@context":"https:\/\/schema.org\/","@type":"Article","@id":"https:\/\/www.watero.cz\/mamincin-darek-pod-stromecek\/#Article","mainEntityOfPage":"https:\/\/www.watero.cz\/mamincin-darek-pod-stromecek\/","headline":"Mamin\u010din d\u00e1rek pod strome\u010dek","name":"Mamin\u010din d\u00e1rek pod strome\u010dek","description":"D\u011bti maj\u00ed v post\u00fdlk\u00e1ch st\u00e1le to star\u00e9 a vypran\u00e9 povle\u010den\u00ed po v\u00e1s, proto\u017ee zat\u00edm je\u0161t\u011b na tohle pen\u00edze nazbyt nevybyly. Maminka ale chyst\u00e1 mal\u00e9 v\u00e1no\u010dn\u00ed p\u0159ekvapen\u00ed. D\u011btem spln\u00ed jejich p\u0159\u00e1n\u00ed, a doma to zaz\u00e1\u0159\u00ed v duchu poh\u00e1dek! Kr\u00e1sn\u00e9 a m\u011bkounk\u00e9 dekora\u010dn\u00ed l\u00e1tky ozvl\u00e1\u0161tn\u00ed nejenom d\u011btsk\u00e9 post\u00fdlky, ale tak\u00e9 prostor kolem oken. Krte\u010dek, maxipes nebo hrdina [&hellip;]","datePublished":"2025-09-05","dateModified":"2025-09-05","author":{"@type":"Person","@id":"https:\/\/www.watero.cz\/author\/#Person","name":"","url":"https:\/\/www.watero.cz\/author\/","identifier":1,"image":{"@type":"ImageObject","@id":"https:\/\/secure.gravatar.com\/avatar\/ade5060b95d9432296fc92debd2ba3136f7a4d727a7bc57afe18c4808c7d7ac9?s=96&d=mm&r=g","url":"https:\/\/secure.gravatar.com\/avatar\/ade5060b95d9432296fc92debd2ba3136f7a4d727a7bc57afe18c4808c7d7ac9?s=96&d=mm&r=g","height":96,"width":96}},"publisher":{"@type":"Organization","name":"watero.cz","logo":{"@type":"ImageObject","@id":"\/logo.png","url":"\/logo.png","width":600,"height":60}},"url":"https:\/\/www.watero.cz\/mamincin-darek-pod-stromecek\/","wordCount":163,"articleBody":"D\u011bti maj\u00ed v post\u00fdlk\u00e1ch st\u00e1le to star\u00e9 a vypran\u00e9 povle\u010den\u00ed po v\u00e1s, proto\u017ee zat\u00edm je\u0161t\u011b na tohle pen\u00edze nazbyt nevybyly. Maminka ale chyst\u00e1 mal\u00e9 v\u00e1no\u010dn\u00ed p\u0159ekvapen\u00ed. D\u011btem spln\u00ed jejich p\u0159\u00e1n\u00ed, a doma to zaz\u00e1\u0159\u00ed v duchu poh\u00e1dek! Kr\u00e1sn\u00e9 a m\u011bkounk\u00e9 dekora\u010dn\u00ed l\u00e1tky ozvl\u00e1\u0161tn\u00ed nejenom d\u011btsk\u00e9 post\u00fdlky, ale tak\u00e9 prostor kolem oken. Krte\u010dek, maxipes nebo hrdina z hv\u011bzdn\u00fdch v\u00e1lek D\u011btsk\u00e9 povle\u010den\u00ed, z\u00e1clonky a z\u00e1v\u011bs mus\u00ed ladit do jednoho vkusn\u00e9ho celku. Nem\u00e1te r\u00e1di p\u0159epl\u00e1can\u00e9 interi\u00e9ry, vkusn\u00e9 \u0159asen\u00ed je podm\u00ednkou. Mus\u00edte ale dekora\u010dn\u00ed l\u00e1tky po\u0159\u00eddit v souladu s ostatn\u00edmi barvami ve va\u0161em dom\u011b. Jedin\u011b pak v\u00e1\u0161 domov nevyzn\u00ed v nedokonal\u00e9m stylu Ka\u017ed\u00fd pes jin\u00e1 ves, ale jako komplexn\u00ed, vkusn\u00fd, dokonal\u00fd a modern\u011b za\u0159\u00edzen\u00fd celek. Jen tak d\u00e1le!                                                                                                                                                                                                                                                                                                                                                                                                "},{"@context":"https:\/\/schema.org\/","@type":"BreadcrumbList","itemListElement":[{"@type":"ListItem","position":1,"name":"Mamin\u010din d\u00e1rek pod strome\u010dek","item":"https:\/\/www.watero.cz\/mamincin-darek-pod-stromecek\/#breadcrumbitem"}]}]