[{"@context":"https:\/\/schema.org\/","@type":"Article","@id":"https:\/\/www.watero.cz\/pod-mikinu-nebo-svetr-patri-vzdy-tricko\/#Article","mainEntityOfPage":"https:\/\/www.watero.cz\/pod-mikinu-nebo-svetr-patri-vzdy-tricko\/","headline":"Pod mikinu nebo svetr pat\u0159\u00ed v\u017edy tri\u010dko","name":"Pod mikinu nebo svetr pat\u0159\u00ed v\u017edy tri\u010dko","description":"P\u00e1nsk\u00e1 tri\u010dkajsou v prodeji na mnoha m\u00edstech. Je mo\u017en\u00e9, \u017ee jste nikdy nep\u0159em\u00fd\u0161leli nad t\u00edm, \u017ee byste mohli jako d\u00e1rek darovat n\u011bjak\u00e9 tri\u010dko nebo mikinu? Nebojte se to zkusit, oslavenec bude jist\u011b p\u0159ekvapen. A\u0165 je to bratranec nebo str\u00fdc, budou m\u00edt radost. Man\u017eel \u010di snad synovec nemaj\u00ed moc oble\u010den\u00ed, ale boj\u00edte se, \u017ee byste se [&hellip;]","datePublished":"2025-03-10","dateModified":"2025-03-10","author":{"@type":"Person","@id":"https:\/\/www.watero.cz\/author\/#Person","name":"","url":"https:\/\/www.watero.cz\/author\/","identifier":1,"image":{"@type":"ImageObject","@id":"https:\/\/secure.gravatar.com\/avatar\/ade5060b95d9432296fc92debd2ba3136f7a4d727a7bc57afe18c4808c7d7ac9?s=96&d=mm&r=g","url":"https:\/\/secure.gravatar.com\/avatar\/ade5060b95d9432296fc92debd2ba3136f7a4d727a7bc57afe18c4808c7d7ac9?s=96&d=mm&r=g","height":96,"width":96}},"publisher":{"@type":"Organization","name":"watero.cz","logo":{"@type":"ImageObject","@id":"\/logo.png","url":"\/logo.png","width":600,"height":60}},"url":"https:\/\/www.watero.cz\/pod-mikinu-nebo-svetr-patri-vzdy-tricko\/","wordCount":162,"articleBody":"P\u00e1nsk\u00e1 tri\u010dkajsou v prodeji na mnoha m\u00edstech. Je mo\u017en\u00e9, \u017ee jste nikdy nep\u0159em\u00fd\u0161leli nad t\u00edm, \u017ee byste mohli jako d\u00e1rek darovat n\u011bjak\u00e9 tri\u010dko nebo mikinu? Nebojte se to zkusit, oslavenec bude jist\u011b p\u0159ekvapen. A\u0165 je to bratranec nebo str\u00fdc, budou m\u00edt radost. Man\u017eel \u010di snad synovec nemaj\u00ed moc oble\u010den\u00ed, ale boj\u00edte se, \u017ee byste se nemuseli trefit do jejich vkusu? M\u016f\u017eete ho zpozorovat za n\u011bjak\u00fd kr\u00e1tk\u00fd \u010das, nebo vsadit na jistotu. M\u011bli byste zkusit sehnat n\u011bjak\u00e1 p\u00e1nsk\u00e1 tri\u010dka, kter\u00e1 je oslov\u00ed. Modern\u00ed doba Nebra\u0148te se tedy trend\u016fm, kter\u00e9 n\u00e1m tato doba p\u0159inesla. Ur\u010dit\u011b se V\u00e1m zal\u00edb\u00ed n\u011bjak\u00e1 pp\u00e1nsk\u00e1 tri\u010dka. A pro\u010d? Jsou zkr\u00e1tka modern\u00ed a pou\u017eiteln\u00e1 v mnoha situac\u00edch. Takov\u00e1 tri\u010dka si obl\u00edbili nejen mlad\u00ed lid\u00e9. Uvid\u00edte sami, \u017ee se nem\u016f\u017eete netrefit.                                                                                                                                                                                                                                                                                                                                                                                                "},{"@context":"https:\/\/schema.org\/","@type":"BreadcrumbList","itemListElement":[{"@type":"ListItem","position":1,"name":"Pod mikinu nebo svetr pat\u0159\u00ed v\u017edy tri\u010dko","item":"https:\/\/www.watero.cz\/pod-mikinu-nebo-svetr-patri-vzdy-tricko\/#breadcrumbitem"}]}]