[{"@context":"https:\/\/schema.org\/","@type":"Article","@id":"https:\/\/www.watero.cz\/poradte-se-s-andely\/#Article","mainEntityOfPage":"https:\/\/www.watero.cz\/poradte-se-s-andely\/","headline":"Pora\u010fte se s and\u011bly","name":"Pora\u010fte se s and\u011bly","description":"Ka\u00c5\u00bed\u00c3\u00bd m\u00c3\u00a1me sv\u00c3\u00a9ho nebesk\u00c3\u00a9ho ochr\u00c3\u00a1nce. Z\u00c3\u00adsk\u00c3\u00a1me jej p\u00c5\u2122i narozen\u00c3\u00ad a je s\u00c2\u00a0n\u00c3\u00a1mi neust\u00c3\u00a1le a\u00c5\u00be do konce \u00c5\u00beivota. A\u00c4 si jeho p\u00c5\u2122\u00c3\u00adtomnost uv\u00c4\u203adomujeme nebo ne, chr\u00c3\u00a1n\u00c3\u00ad na\u00c5\u00a1i du\u00c5\u00a1i a prov\u00c3\u00a1z\u00c3\u00ad n\u00c3\u00a1s na\u00c5\u00a1\u00c3\u00adm \u00c5\u00beivotem. Nemus\u00c3\u00adme se b\u00c3\u00a1t jej po\u00c5\u00be\u00c3\u00a1dat o pomoc, kdy\u00c5\u00be n\u00c3\u00a1m nen\u00c3\u00ad dob\u00c5\u2122e, nebo n\u00c3\u00a1s n\u00c4\u203aco tr\u00c3\u00a1p\u00c3\u00ad. Svou l\u00c3\u00a1skyplnou p\u00c3\u00a9\u00c4\u00c3\u00ad n\u00c3\u00a1m za ka\u00c5\u00bed\u00c3\u00a9 situace bude [&hellip;]","datePublished":"2023-02-28","dateModified":"2024-03-05","author":{"@type":"Person","@id":"https:\/\/www.watero.cz\/author\/#Person","name":"","url":"https:\/\/www.watero.cz\/author\/","identifier":1,"image":{"@type":"ImageObject","@id":"https:\/\/secure.gravatar.com\/avatar\/ade5060b95d9432296fc92debd2ba3136f7a4d727a7bc57afe18c4808c7d7ac9?s=96&d=mm&r=g","url":"https:\/\/secure.gravatar.com\/avatar\/ade5060b95d9432296fc92debd2ba3136f7a4d727a7bc57afe18c4808c7d7ac9?s=96&d=mm&r=g","height":96,"width":96}},"publisher":{"@type":"Organization","name":"watero.cz","logo":{"@type":"ImageObject","@id":"\/logo.png","url":"\/logo.png","width":600,"height":60}},"url":"https:\/\/www.watero.cz\/poradte-se-s-andely\/","wordCount":190,"articleBody":"Ka\u00c5\u00bed\u00c3\u00bd m\u00c3\u00a1me sv\u00c3\u00a9ho nebesk\u00c3\u00a9ho ochr\u00c3\u00a1nce. Z\u00c3\u00adsk\u00c3\u00a1me jej p\u00c5\u2122i narozen\u00c3\u00ad a je s\u00c2\u00a0n\u00c3\u00a1mi neust\u00c3\u00a1le a\u00c5\u00be do konce \u00c5\u00beivota. A\u00c4 si jeho p\u00c5\u2122\u00c3\u00adtomnost uv\u00c4\u203adomujeme nebo ne, chr\u00c3\u00a1n\u00c3\u00ad na\u00c5\u00a1i du\u00c5\u00a1i a prov\u00c3\u00a1z\u00c3\u00ad n\u00c3\u00a1s na\u00c5\u00a1\u00c3\u00adm \u00c5\u00beivotem. Nemus\u00c3\u00adme se b\u00c3\u00a1t jej po\u00c5\u00be\u00c3\u00a1dat o pomoc, kdy\u00c5\u00be n\u00c3\u00a1m nen\u00c3\u00ad dob\u00c5\u2122e, nebo n\u00c3\u00a1s n\u00c4\u203aco tr\u00c3\u00a1p\u00c3\u00ad. Svou l\u00c3\u00a1skyplnou p\u00c3\u00a9\u00c4\u00c3\u00ad n\u00c3\u00a1m za ka\u00c5\u00bed\u00c3\u00a9 situace bude pom\u00c3\u00a1hat. Vyu\u00c5\u00beijme tento dar od Boha a spojme se s\u00c2\u00a0t\u00c4\u203amito nebesk\u00c3\u00bdmi pomocn\u00c3\u00adky.Pomoc je v\u00c5\u00bedy dostupn\u00c3\u00a1Jak se tedy s\u00c2\u00a0nimi spojit a po\u00c5\u00be\u00c3\u00a1dat je o pomoc? \u00c5\u02dce\u00c5\u00a1en\u00c3\u00adm jsou and\u00c4\u203alsk\u00c3\u00a9 karty v\u00c3\u00bdklad. Ka\u00c5\u00bed\u00c3\u00a1 karta nese ur\u00c4it\u00c3\u00a9 poselstv\u00c3\u00ad. Prost\u00c5\u2122ednictv\u00c3\u00adm zku\u00c5\u00a1en\u00c3\u00a9 kart\u00c3\u00a1\u00c5\u2122ky a nebesk\u00c3\u00a9ho veden\u00c3\u00ad z\u00c3\u00adsk\u00c3\u00a1te odpov\u00c4\u203adi na Va\u00c5\u00a1e ot\u00c3\u00a1zky a nenahraditeln\u00c3\u00a9ho r\u00c3\u00a1dce a pomocn\u00c3\u00adka. V\u00c5\u00a1e V\u00c3\u00a1m je nyn\u00c3\u00ad k\u00c2\u00a0dispozici. Sta\u00c4\u00c3\u00ad n\u00c3\u00a1s jen oslovit a vyu\u00c5\u00be\u00c3\u00adt t\u00c3\u00a9to jedine\u00c4n\u00c3\u00a9 p\u00c5\u2122\u00c3\u00adle\u00c5\u00beitosti.                                                                                                                                                                                                                                                                                                                                                                                        4\/5 - (9 votes)        "},{"@context":"https:\/\/schema.org\/","@type":"BreadcrumbList","itemListElement":[{"@type":"ListItem","position":1,"name":"Pora\u010fte se s and\u011bly","item":"https:\/\/www.watero.cz\/poradte-se-s-andely\/#breadcrumbitem"}]}]