[{"@context":"https:\/\/schema.org\/","@type":"Article","@id":"https:\/\/www.watero.cz\/verejna-osvetleni-v-obcich-a-mestech\/#Article","mainEntityOfPage":"https:\/\/www.watero.cz\/verejna-osvetleni-v-obcich-a-mestech\/","headline":"Ve\u0159ejn\u00e1 osv\u011btlen\u00ed v obc\u00edch a m\u011bstech","name":"Ve\u0159ejn\u00e1 osv\u011btlen\u00ed v obc\u00edch a m\u011bstech","description":"Pro\u010d jsou sv\u011btla pod\u00e9l ulic a silnic sou\u010d\u00e1st\u00ed obecn\u00edho rozpo\u010dtu, i kdy\u017e b\u00fdt nemus\u00ed? Jde toti\u017e o to, \u017ee p\u0159isp\u00edvaj\u00ed k\u00a0v\u011bt\u0161\u00ed bezpe\u010dnosti, jednak kv\u016fli omezen\u00ed kriminality, a tak\u00e9 z\u00a0d\u016fvodu ni\u017e\u0161\u00ed nehodovosti. P\u0159itom tento po\u010din zat\u011b\u017euje odb\u011brem elektrick\u00e9 energie rozvodnou s\u00ed\u0165 pouh\u00fdm jedn\u00edm procentem z\u00a0celkov\u00e9 spot\u0159eby elekt\u0159iny v\u00a0\u010cesk\u00e9 republice. &#13; Dnes se tak\u00e9 \u010dasto setk\u00e1v\u00e1me s\u00a0r\u016fzn\u00fdmi [&hellip;]","datePublished":"2018-09-06","dateModified":"2023-05-05","author":{"@type":"Person","@id":"https:\/\/www.watero.cz\/author\/#Person","name":"","url":"https:\/\/www.watero.cz\/author\/","identifier":1,"image":{"@type":"ImageObject","@id":"https:\/\/secure.gravatar.com\/avatar\/ade5060b95d9432296fc92debd2ba3136f7a4d727a7bc57afe18c4808c7d7ac9?s=96&d=mm&r=g","url":"https:\/\/secure.gravatar.com\/avatar\/ade5060b95d9432296fc92debd2ba3136f7a4d727a7bc57afe18c4808c7d7ac9?s=96&d=mm&r=g","height":96,"width":96}},"publisher":{"@type":"Organization","name":"watero.cz","logo":{"@type":"ImageObject","@id":"\/logo.png","url":"\/logo.png","width":600,"height":60}},"image":{"@type":"ImageObject","@id":"https:\/\/www.watero.cz\/wp-content\/uploads\/img_a326179_w2527_t1538297970.jpg","url":"https:\/\/www.watero.cz\/wp-content\/uploads\/img_a326179_w2527_t1538297970.jpg","height":0,"width":0},"url":"https:\/\/www.watero.cz\/verejna-osvetleni-v-obcich-a-mestech\/","about":["N\u00e1kupy"],"wordCount":409,"articleBody":"Pro\u010d jsou sv\u011btla pod\u00e9l ulic a silnic sou\u010d\u00e1st\u00ed obecn\u00edho rozpo\u010dtu, i kdy\u017e b\u00fdt nemus\u00ed? Jde toti\u017e o to, \u017ee p\u0159isp\u00edvaj\u00ed k\u00a0v\u011bt\u0161\u00ed bezpe\u010dnosti, jednak kv\u016fli omezen\u00ed kriminality, a tak\u00e9 z\u00a0d\u016fvodu ni\u017e\u0161\u00ed nehodovosti. P\u0159itom tento po\u010din zat\u011b\u017euje odb\u011brem elektrick\u00e9 energie rozvodnou s\u00ed\u0165 pouh\u00fdm jedn\u00edm procentem z\u00a0celkov\u00e9 spot\u0159eby elekt\u0159iny v\u00a0\u010cesk\u00e9 republice.&#13;\tDnes se tak\u00e9 \u010dasto setk\u00e1v\u00e1me s\u00a0r\u016fzn\u00fdmi \u201epseudozelen\u00fdmi iniciativami\u201c omezit spot\u0159ebu elekt\u0159iny sn\u00ed\u017een\u00edm dod\u00e1vek do ve\u0159ejn\u00e9ho osv\u011btlen\u00ed bu\u010f instalac\u00ed LED diodov\u00fdch reflektor\u016f za ka\u017edou cenu, nebo vyp\u00edn\u00e1n\u00edm sv\u011btel v\u00a0n\u011bkter\u00fdch hodin\u00e1ch. Vypl\u00fdv\u00e1 to pochopiteln\u011b z\u00a0neznalosti cel\u00e9 problematiky, nav\u00edc osv\u011btlen\u00ed \u201eje vid\u011bt\u201c a na prvn\u00ed pohled m\u016f\u017ee v\u00e9st ke klamn\u00e9mu rozhodnut\u00ed, \u017ee p\u0159ece tolik sv\u011btel mus\u00ed odeb\u00edrat zna\u010dn\u00e9 mno\u017estv\u00ed elekt\u0159iny. Sv\u011bteln\u00e9 okruhy v\u0161ak nemaj\u00ed takov\u00fd odb\u011br, jako nap\u0159. pr\u016fmyslov\u00e9 komplexy, firmy a podniky s\u00a0provozem stroj\u016f a za\u0159\u00edzen\u00ed, elektrifikovan\u00e9 vlakov\u00e9 trat\u011b apod.&#13;&#13;\tOvl\u00e1d\u00e1n\u00ed sv\u011bteln\u00e9ho okruhu&#13;&#13;\tSp\u00edn\u00e1n\u00ed ve\u0159ejn\u00e9ho osv\u011btlen\u00ed prov\u00e1d\u00ed zpravidla fotoelektrick\u00e9 \u010didlo na z\u00e1klad\u011b podn\u011btu poklesu intenzity sv\u011btla, nebo \u010dasov\u00fd sp\u00edna\u010d. Z\u00a0d\u016fvodu p\u0159et\u00ed\u017een\u00ed s\u00edt\u011b se zap\u00ednaj\u00ed jednotliv\u00e9 okruhy ulic nebo obecn\u00edch \u010di m\u011bstsk\u00fdch \u010d\u00e1st\u00ed postupn\u011b. N\u011bkde se uplat\u0148uj\u00ed i stm\u00edva\u010de, kter\u00e9 reguluj\u00ed jas v\u00a0z\u00e1vislosti na mno\u017estv\u00ed okoln\u00edho sv\u011btla. V\u0161echny okruhy jsou zapojeny do tzv. centr\u00e1ln\u00edho rozvad\u011b\u010de s\u00a0vlastn\u00edm p\u0159\u00edvodem a m\u011b\u0159idlem spot\u0159eby elektrick\u00e9 energie.&#13;&#13;\tRtu\u0165ov\u00e9 nebo sod\u00edkov\u00e9 v\u00fdbojky&#13;&#13;\tVe\u0159ejn\u00e1 osv\u011btlen\u00ed se zpo\u010d\u00e1tku osazovala rtu\u0165ov\u00fdmi vysokotlak\u00fdmi v\u00fdbojkami. V\u00a0sou\u010dasn\u00e9 dob\u011b se st\u00e1le vyu\u017e\u00edvaj\u00ed, ale byly na mnoha m\u00edstech nahrazeny teplej\u0161\u00edm oran\u017eovo\u017elut\u00fdm sv\u011btlem sod\u00edkov\u00fdch v\u00fdbojek. V\u00fdhodou sod\u00edkov\u00fdch zdroj\u016f je vy\u0161\u0161\u00ed \u00fa\u010dinnost, nev\u00fdhodou naopak teplej\u0161\u00ed odst\u00edn sv\u011btla. Ten sice vyhovuje lidem na proch\u00e1zk\u00e1ch v\u00a0parku, kdy p\u0159isp\u00edv\u00e1 v\u00edce k\u00a0relaxaci a uvoln\u011bn\u00ed, ale nen\u00ed p\u0159\u00edli\u0161 vhodn\u00fd pro \u0159idi\u010de motorov\u00fdch vozidel, kter\u00fdm sni\u017euje pozornost a zp\u016fsobuje ne\u017e\u00e1douc\u00ed \u00fanavu.&#13;                                                                                                                                                                                                                                                                                                                                                                                        4.3\/5 - (12 votes)        "},{"@context":"https:\/\/schema.org\/","@type":"BreadcrumbList","itemListElement":[{"@type":"ListItem","position":1,"name":"Ve\u0159ejn\u00e1 osv\u011btlen\u00ed v obc\u00edch a m\u011bstech","item":"https:\/\/www.watero.cz\/verejna-osvetleni-v-obcich-a-mestech\/#breadcrumbitem"}]}]